{"id":158276,"date":"2016-11-30T12:18:53","date_gmt":"2016-11-30T11:18:53","guid":{"rendered":"https:\/\/fabyreilly.com\/2021\/04\/16\/comment-appliquer-de-la-viseline-sans-risquer-la-vie-de-son-fer\/"},"modified":"2026-04-05T19:09:35","modified_gmt":"2026-04-05T17:09:35","slug":"comment-appliquer-de-la-viseline-sans-risquer-la-vie-de-son-fer","status":"publish","type":"post","link":"https:\/\/fabyreilly.com\/fr\/2016\/11\/30\/comment-appliquer-de-la-viseline-sans-risquer-la-vie-de-son-fer\/","title":{"rendered":"Comment appliquer de la viseline&#8230; sans risquer la vie de son fer!"},"content":{"rendered":"\n<!--more-->\n\n<p class=\"wp-block-paragraph\">Pour appliquer de la Viseline thermocollante en toute tranquilit\u00e9, il faut utiliser du papier cuisson. Oui, absolument. Du papier de cuisson.<\/p>\n\n<p class=\"wp-block-paragraph\">\u00c7a donne quoi la semelle d&#8217;un fer qui a accidentellement rencontr\u00e9 le MAUVAIS c\u00f4t\u00e9 d&#8217;une toile thermocollante&#8230;? \u00c7a ne fait pas r\u00eaver, hein. Il faut passer des heures \u00e0 nettoyer son fer, ou alors on transf\u00e8re de la colle sur tous ses v\u00eatements pendant les mois \u00e0 venir, &#8230; ou encore on l\u00e2che l&#8217;affaire et on ach\u00e8te un fer neuf (aaarghhh&#8230;!)<\/p>\n\n<p class=\"wp-block-paragraph\">Les accidents, \u00e7a arrive \u00e0 tout le monde, n&#8217;est-ce pas? Est-on vraiment \u00e0 100% s\u00fbr(e) de ne JAMAIS \u00eatre distrait(e) par un coup de fil, ou par un texto, ou par un &#8220;c&#8217;est quand qu&#8217;on mange?&#8221; &#8230; et qu&#8217;on ne mettra JAMAIS la Viseline c\u00f4t\u00e9 colle en haut&#8230;? Mouais, chez moi c&#8217;est s\u00fbr que c&#8217;est pas garanti !<\/p>\n\n<p class=\"wp-block-paragraph\">Alors nous y voici. Le papier cuisson, c&#8217;est la solution! Il r\u00e9siste \u00e0 PLEIN de chaleur, alors il n&#8217;a aucun probl\u00e8me \u00e0 suporter un fer, et SI JAMAIS le pire arrive et qu&#8217;on se trompe de sens pour la Viseline, le papier cuisson sera tout content de tout prendre sur lui (et il est bien meilleur march\u00e9 \u00e0 remplacer qu&#8217;un fer!)<\/p>\n\n<p class=\"wp-block-paragraph\">1. Pr\u00e9parer les diverses couches, en commen\u00e7ant par la toile brod\u00e9e (sur l&#8217;envers), la Viseline (c\u00f4t\u00e9 collant contre le dos de la toile brod\u00e9e), et enfin le papier cuisson:<\/p>\n\n<figure class=\"wp-block-image\"><img data-recalc-dims=\"1\" decoding=\"async\" src=\"https:\/\/i0.wp.com\/fabyreilly.com\/wp-content\/uploads\/2017\/01\/interfacing-01.jpg?w=980&#038;ssl=1\" alt=\"Viseline\"\/><\/figure>\n\n<p class=\"wp-block-paragraph\"><\/p>\n\n<p class=\"wp-block-paragraph\">2. Repasser le papier cuisson, puis le peler d\u00e9licatement pour le retirer.<\/p>\n\n<figure class=\"wp-block-image\"><img data-recalc-dims=\"1\" decoding=\"async\" src=\"https:\/\/i0.wp.com\/fabyreilly.com\/wp-content\/uploads\/2017\/01\/interfacing-02.jpg?w=980&#038;ssl=1\" alt=\"Viseline\"\/><\/figure>\n\n<p class=\"wp-block-paragraph\"><\/p>\n\n<p class=\"wp-block-paragraph\">Entre nous, m\u00eame on fait toujours extr\u00eamement attention \u00e0 ne JAMAIS m\u00e9langer les c\u00f4t\u00e9s&#8230; c&#8217;est QUAND MEME une super id\u00e9e d&#8217;utiliser du papier cuisson: il y a tr\u00e8s souvent un tout petit peu de colle qui coule sous les bords de la Viseline&#8230; juste un tout petit peu, mais assez pour rendre un fer irritablement collant pendant quelques temps!<\/p>\n\n<p class=\"wp-block-paragraph\">Autre petite astuce, pour la route:<\/p>\n\n<p class=\"wp-block-paragraph\">Si on utilise sa feuille cuisson plus d&#8217;une fois (seulement si elle n&#8217;a pas \u00e9t\u00e9 victime d&#8217;un accident tragique, OK?), c&#8217;est une bonne id\u00e9e d&#8217;\u00e9crire un truc b\u00eate du style &#8220;c\u00f4t\u00e9 fer&#8221; dans un des coins du c\u00f4t\u00e9 qui n&#8217;est jamais entr\u00e9 en contact avec la Viseline, sinon on risque de contaminer son fer avec les coulures de colle des fois pr\u00e9c\u00e9dentes!<\/p>\n\n<figure class=\"wp-block-image\"><img data-recalc-dims=\"1\" decoding=\"async\" src=\"https:\/\/i0.wp.com\/fabyreilly.com\/wp-content\/uploads\/2017\/01\/interfacing-03a.jpg?w=980&#038;ssl=1\" alt=\"Viseline\"\/><\/figure>\n\n<p class=\"wp-block-paragraph\"><\/p>\n\n<p class=\"wp-block-paragraph\">Et c&#8217;est parti ! A vous de jouer!<\/p>\n\n<hr class=\"wp-block-coblocks-dynamic-separator\" style=\"height:50px\">\n\n<p class=\"wp-block-paragraph\">Quelques id\u00e9es de mod\u00e8les pour lesquels cette m\u00e9thode marche tr\u00e8s bien:<\/p>\n<div data-attributes=\"[{&quot;id&quot;:650086272,&quot;attr_slug&quot;:&quot;pa_shape&quot;},{&quot;id&quot;:650086278,&quot;attr_slug&quot;:&quot;pa_shape&quot;},{&quot;id&quot;:650086286,&quot;attr_slug&quot;:&quot;pa_shape&quot;}]\" data-block-name=\"woocommerce\/products-by-attribute\" data-columns=\"5\" data-content-visibility=\"{&quot;title&quot;:true,&quot;price&quot;:false,&quot;rating&quot;:false,&quot;button&quot;:false}\" data-orderby=\"popularity\" data-rows=\"2\" class=\"wc-block-grid wp-block-products-by-attribute wp-block-woocommerce-products-by-attribute wc-block-products-by-attribute has-5-columns has-multiple-rows\"><ul class=\"wc-block-grid__products\"><li class=\"wc-block-grid__product\">\n\t\t\t\t<a href=\"https:\/\/fabyreilly.com\/fr\/produit\/jacquie-sal-magic-needlebook\/\" class=\"wc-block-grid__product-link\">\n\t\t\t\t\t\n\t\t\t\t\t<div class=\"wc-block-grid__product-image\"><img loading=\"lazy\" decoding=\"async\" width=\"324\" height=\"324\" src=\"https:\/\/i0.wp.com\/fabyreilly.com\/wp-content\/uploads\/2021\/06\/Jacquie-Needlebook-01-Faby-Reilly-Designs.jpg?resize=324%2C324&amp;ssl=1\" class=\"attachment-woocommerce_thumbnail size-woocommerce_thumbnail\" alt=\"Stitched model for the Jacquie Needlebook by Faby Reilly Designs\" srcset=\"https:\/\/i0.wp.com\/fabyreilly.com\/wp-content\/uploads\/2021\/06\/Jacquie-Needlebook-01-Faby-Reilly-Designs.jpg?w=2000&amp;ssl=1 2000w, https:\/\/i0.wp.com\/fabyreilly.com\/wp-content\/uploads\/2021\/06\/Jacquie-Needlebook-01-Faby-Reilly-Designs.jpg?resize=500%2C500&amp;ssl=1 500w, https:\/\/i0.wp.com\/fabyreilly.com\/wp-content\/uploads\/2021\/06\/Jacquie-Needlebook-01-Faby-Reilly-Designs.jpg?resize=1024%2C1024&amp;ssl=1 1024w, https:\/\/i0.wp.com\/fabyreilly.com\/wp-content\/uploads\/2021\/06\/Jacquie-Needlebook-01-Faby-Reilly-Designs.jpg?resize=150%2C150&amp;ssl=1 150w, https:\/\/i0.wp.com\/fabyreilly.com\/wp-content\/uploads\/2021\/06\/Jacquie-Needlebook-01-Faby-Reilly-Designs.jpg?resize=768%2C768&amp;ssl=1 768w, https:\/\/i0.wp.com\/fabyreilly.com\/wp-content\/uploads\/2021\/06\/Jacquie-Needlebook-01-Faby-Reilly-Designs.jpg?resize=1536%2C1536&amp;ssl=1 1536w, https:\/\/i0.wp.com\/fabyreilly.com\/wp-content\/uploads\/2021\/06\/Jacquie-Needlebook-01-Faby-Reilly-Designs.jpg?resize=60%2C60&amp;ssl=1 60w, https:\/\/i0.wp.com\/fabyreilly.com\/wp-content\/uploads\/2021\/06\/Jacquie-Needlebook-01-Faby-Reilly-Designs.jpg?resize=300%2C300&amp;ssl=1 300w, https:\/\/i0.wp.com\/fabyreilly.com\/wp-content\/uploads\/2021\/06\/Jacquie-Needlebook-01-Faby-Reilly-Designs.jpg?resize=600%2C600&amp;ssl=1 600w, https:\/\/i0.wp.com\/fabyreilly.com\/wp-content\/uploads\/2021\/06\/Jacquie-Needlebook-01-Faby-Reilly-Designs.jpg?resize=100%2C100&amp;ssl=1 100w\" sizes=\"auto, (max-width: 324px) 100vw, 324px\" data-attachment-id=\"164754\" data-permalink=\"https:\/\/fabyreilly.com\/fr\/?attachment_id=164754\" data-orig-file=\"https:\/\/i0.wp.com\/fabyreilly.com\/wp-content\/uploads\/2021\/06\/Jacquie-Needlebook-01-Faby-Reilly-Designs.jpg?fit=2000%2C2000&amp;ssl=1\" data-orig-size=\"2000,2000\" data-comments-opened=\"1\" data-image-meta=\"{&quot;aperture&quot;:&quot;0&quot;,&quot;credit&quot;:&quot;&quot;,&quot;camera&quot;:&quot;&quot;,&quot;caption&quot;:&quot;&quot;,&quot;created_timestamp&quot;:&quot;0&quot;,&quot;copyright&quot;:&quot;&quot;,&quot;focal_length&quot;:&quot;0&quot;,&quot;iso&quot;:&quot;0&quot;,&quot;shutter_speed&quot;:&quot;0&quot;,&quot;title&quot;:&quot;&quot;,&quot;orientation&quot;:&quot;1&quot;}\" data-image-title=\"Jacquie Needlebook 01 &amp;#8211; Faby Reilly Designs\" data-image-description=\"\" data-image-caption=\"\" data-large-file=\"https:\/\/i0.wp.com\/fabyreilly.com\/wp-content\/uploads\/2021\/06\/Jacquie-Needlebook-01-Faby-Reilly-Designs.jpg?fit=980%2C980&amp;ssl=1\" \/><\/div>\n\t\t\t\t\t<div class=\"wc-block-grid__product-title\">Livret Magique Jacquie<\/div>\n\t\t\t\t<\/a>\n\t\t\t\t\n\t\t\t\t\n\t\t\t\t\n\t\t\t<\/li><li class=\"wc-block-grid__product\">\n\t\t\t\t<a href=\"https:\/\/fabyreilly.com\/fr\/produit\/etui-a-broder-lizzie\/\" class=\"wc-block-grid__product-link\">\n\t\t\t\t\t\n\t\t\t\t\t<div class=\"wc-block-grid__product-image\"><img loading=\"lazy\" decoding=\"async\" width=\"324\" height=\"324\" src=\"https:\/\/i0.wp.com\/fabyreilly.com\/wp-content\/uploads\/2019\/01\/Lizzie-Stitching-Wallet-01-Faby-Reilly-Designs.jpg?resize=324%2C324&amp;ssl=1\" class=\"attachment-woocommerce_thumbnail size-woocommerce_thumbnail\" alt=\"Stitched model for Lizzie Stitching Wallet pattern by Faby Reilly Designs\" srcset=\"https:\/\/i0.wp.com\/fabyreilly.com\/wp-content\/uploads\/2019\/01\/Lizzie-Stitching-Wallet-01-Faby-Reilly-Designs.jpg?w=2000&amp;ssl=1 2000w, https:\/\/i0.wp.com\/fabyreilly.com\/wp-content\/uploads\/2019\/01\/Lizzie-Stitching-Wallet-01-Faby-Reilly-Designs.jpg?resize=500%2C500&amp;ssl=1 500w, https:\/\/i0.wp.com\/fabyreilly.com\/wp-content\/uploads\/2019\/01\/Lizzie-Stitching-Wallet-01-Faby-Reilly-Designs.jpg?resize=1024%2C1024&amp;ssl=1 1024w, https:\/\/i0.wp.com\/fabyreilly.com\/wp-content\/uploads\/2019\/01\/Lizzie-Stitching-Wallet-01-Faby-Reilly-Designs.jpg?resize=150%2C150&amp;ssl=1 150w, https:\/\/i0.wp.com\/fabyreilly.com\/wp-content\/uploads\/2019\/01\/Lizzie-Stitching-Wallet-01-Faby-Reilly-Designs.jpg?resize=768%2C768&amp;ssl=1 768w, https:\/\/i0.wp.com\/fabyreilly.com\/wp-content\/uploads\/2019\/01\/Lizzie-Stitching-Wallet-01-Faby-Reilly-Designs.jpg?resize=1536%2C1536&amp;ssl=1 1536w, https:\/\/i0.wp.com\/fabyreilly.com\/wp-content\/uploads\/2019\/01\/Lizzie-Stitching-Wallet-01-Faby-Reilly-Designs.jpg?resize=60%2C60&amp;ssl=1 60w, https:\/\/i0.wp.com\/fabyreilly.com\/wp-content\/uploads\/2019\/01\/Lizzie-Stitching-Wallet-01-Faby-Reilly-Designs.jpg?resize=300%2C300&amp;ssl=1 300w, https:\/\/i0.wp.com\/fabyreilly.com\/wp-content\/uploads\/2019\/01\/Lizzie-Stitching-Wallet-01-Faby-Reilly-Designs.jpg?resize=600%2C600&amp;ssl=1 600w, https:\/\/i0.wp.com\/fabyreilly.com\/wp-content\/uploads\/2019\/01\/Lizzie-Stitching-Wallet-01-Faby-Reilly-Designs.jpg?resize=100%2C100&amp;ssl=1 100w\" sizes=\"auto, (max-width: 324px) 100vw, 324px\" data-attachment-id=\"164738\" data-permalink=\"https:\/\/fabyreilly.com\/fr\/?attachment_id=164738\" data-orig-file=\"https:\/\/i0.wp.com\/fabyreilly.com\/wp-content\/uploads\/2019\/01\/Lizzie-Stitching-Wallet-01-Faby-Reilly-Designs.jpg?fit=2000%2C2000&amp;ssl=1\" data-orig-size=\"2000,2000\" data-comments-opened=\"1\" data-image-meta=\"{&quot;aperture&quot;:&quot;0&quot;,&quot;credit&quot;:&quot;&quot;,&quot;camera&quot;:&quot;&quot;,&quot;caption&quot;:&quot;&quot;,&quot;created_timestamp&quot;:&quot;0&quot;,&quot;copyright&quot;:&quot;&quot;,&quot;focal_length&quot;:&quot;0&quot;,&quot;iso&quot;:&quot;0&quot;,&quot;shutter_speed&quot;:&quot;0&quot;,&quot;title&quot;:&quot;&quot;,&quot;orientation&quot;:&quot;1&quot;}\" data-image-title=\"Lizzie Stitching Wallet 01 &amp;#8211; Faby Reilly Designs\" data-image-description=\"\" data-image-caption=\"\" data-large-file=\"https:\/\/i0.wp.com\/fabyreilly.com\/wp-content\/uploads\/2019\/01\/Lizzie-Stitching-Wallet-01-Faby-Reilly-Designs.jpg?fit=980%2C980&amp;ssl=1\" \/><\/div>\n\t\t\t\t\t<div class=\"wc-block-grid__product-title\">\u00c9tui \u00e0 broder Lizzie<\/div>\n\t\t\t\t<\/a>\n\t\t\t\t\n\t\t\t\t\n\t\t\t\t\n\t\t\t<\/li><li class=\"wc-block-grid__product\">\n\t\t\t\t<a href=\"https:\/\/fabyreilly.com\/fr\/produit\/ensemble-paon\/\" class=\"wc-block-grid__product-link\">\n\t\t\t\t\t\n\t\t\t\t\t<div class=\"wc-block-grid__product-image\"><img loading=\"lazy\" decoding=\"async\" width=\"324\" height=\"324\" src=\"https:\/\/i0.wp.com\/fabyreilly.com\/wp-content\/uploads\/2019\/01\/Peacock-Stitching-Set-01-Faby-Reilly-Designs.jpg?resize=324%2C324&amp;ssl=1\" class=\"attachment-woocommerce_thumbnail size-woocommerce_thumbnail\" alt=\"Stitched models for the Peacock stitching set (biscornu, needebook and scissor case) by Faby Reilly Designs\" srcset=\"https:\/\/i0.wp.com\/fabyreilly.com\/wp-content\/uploads\/2019\/01\/Peacock-Stitching-Set-01-Faby-Reilly-Designs.jpg?w=2000&amp;ssl=1 2000w, https:\/\/i0.wp.com\/fabyreilly.com\/wp-content\/uploads\/2019\/01\/Peacock-Stitching-Set-01-Faby-Reilly-Designs.jpg?resize=500%2C500&amp;ssl=1 500w, https:\/\/i0.wp.com\/fabyreilly.com\/wp-content\/uploads\/2019\/01\/Peacock-Stitching-Set-01-Faby-Reilly-Designs.jpg?resize=1024%2C1024&amp;ssl=1 1024w, https:\/\/i0.wp.com\/fabyreilly.com\/wp-content\/uploads\/2019\/01\/Peacock-Stitching-Set-01-Faby-Reilly-Designs.jpg?resize=150%2C150&amp;ssl=1 150w, https:\/\/i0.wp.com\/fabyreilly.com\/wp-content\/uploads\/2019\/01\/Peacock-Stitching-Set-01-Faby-Reilly-Designs.jpg?resize=768%2C768&amp;ssl=1 768w, https:\/\/i0.wp.com\/fabyreilly.com\/wp-content\/uploads\/2019\/01\/Peacock-Stitching-Set-01-Faby-Reilly-Designs.jpg?resize=1536%2C1536&amp;ssl=1 1536w, https:\/\/i0.wp.com\/fabyreilly.com\/wp-content\/uploads\/2019\/01\/Peacock-Stitching-Set-01-Faby-Reilly-Designs.jpg?resize=60%2C60&amp;ssl=1 60w, https:\/\/i0.wp.com\/fabyreilly.com\/wp-content\/uploads\/2019\/01\/Peacock-Stitching-Set-01-Faby-Reilly-Designs.jpg?resize=300%2C300&amp;ssl=1 300w, https:\/\/i0.wp.com\/fabyreilly.com\/wp-content\/uploads\/2019\/01\/Peacock-Stitching-Set-01-Faby-Reilly-Designs.jpg?resize=600%2C600&amp;ssl=1 600w, https:\/\/i0.wp.com\/fabyreilly.com\/wp-content\/uploads\/2019\/01\/Peacock-Stitching-Set-01-Faby-Reilly-Designs.jpg?resize=100%2C100&amp;ssl=1 100w\" sizes=\"auto, (max-width: 324px) 100vw, 324px\" data-attachment-id=\"164758\" data-permalink=\"https:\/\/fabyreilly.com\/fr\/?attachment_id=164758\" data-orig-file=\"https:\/\/i0.wp.com\/fabyreilly.com\/wp-content\/uploads\/2019\/01\/Peacock-Stitching-Set-01-Faby-Reilly-Designs.jpg?fit=2000%2C2000&amp;ssl=1\" data-orig-size=\"2000,2000\" data-comments-opened=\"1\" data-image-meta=\"{&quot;aperture&quot;:&quot;0&quot;,&quot;credit&quot;:&quot;&quot;,&quot;camera&quot;:&quot;&quot;,&quot;caption&quot;:&quot;&quot;,&quot;created_timestamp&quot;:&quot;0&quot;,&quot;copyright&quot;:&quot;&quot;,&quot;focal_length&quot;:&quot;0&quot;,&quot;iso&quot;:&quot;0&quot;,&quot;shutter_speed&quot;:&quot;0&quot;,&quot;title&quot;:&quot;&quot;,&quot;orientation&quot;:&quot;1&quot;}\" data-image-title=\"Peacock Stitching Set 01 &amp;#8211; Faby Reilly Designs\" data-image-description=\"\" data-image-caption=\"\" data-large-file=\"https:\/\/i0.wp.com\/fabyreilly.com\/wp-content\/uploads\/2019\/01\/Peacock-Stitching-Set-01-Faby-Reilly-Designs.jpg?fit=980%2C980&amp;ssl=1\" \/><\/div>\n\t\t\t\t\t<div class=\"wc-block-grid__product-title\">Ensemble Pa\u00f4n<\/div>\n\t\t\t\t<\/a>\n\t\t\t\t\n\t\t\t\t\n\t\t\t\t\n\t\t\t<\/li><li class=\"wc-block-grid__product\">\n\t\t\t\t<a href=\"https:\/\/fabyreilly.com\/fr\/produit\/etui-a-broder-nerida\/\" class=\"wc-block-grid__product-link\">\n\t\t\t\t\t\n\t\t\t\t\t<div class=\"wc-block-grid__product-image\"><img loading=\"lazy\" decoding=\"async\" width=\"324\" height=\"324\" src=\"https:\/\/i0.wp.com\/fabyreilly.com\/wp-content\/uploads\/2023\/04\/Nerida-Stitching-Wallet-01-Faby-Reilly-Designs.jpg?resize=324%2C324&amp;ssl=1\" class=\"attachment-woocommerce_thumbnail size-woocommerce_thumbnail\" alt=\"Patron PDF de l&#039;\u00e9tui \u00e0 broder Nerida - mod\u00e8le brod\u00e9 - Faby Reilly Designs\" srcset=\"https:\/\/i0.wp.com\/fabyreilly.com\/wp-content\/uploads\/2023\/04\/Nerida-Stitching-Wallet-01-Faby-Reilly-Designs.jpg?w=2000&amp;ssl=1 2000w, https:\/\/i0.wp.com\/fabyreilly.com\/wp-content\/uploads\/2023\/04\/Nerida-Stitching-Wallet-01-Faby-Reilly-Designs.jpg?resize=500%2C500&amp;ssl=1 500w, https:\/\/i0.wp.com\/fabyreilly.com\/wp-content\/uploads\/2023\/04\/Nerida-Stitching-Wallet-01-Faby-Reilly-Designs.jpg?resize=1024%2C1024&amp;ssl=1 1024w, https:\/\/i0.wp.com\/fabyreilly.com\/wp-content\/uploads\/2023\/04\/Nerida-Stitching-Wallet-01-Faby-Reilly-Designs.jpg?resize=150%2C150&amp;ssl=1 150w, https:\/\/i0.wp.com\/fabyreilly.com\/wp-content\/uploads\/2023\/04\/Nerida-Stitching-Wallet-01-Faby-Reilly-Designs.jpg?resize=768%2C768&amp;ssl=1 768w, https:\/\/i0.wp.com\/fabyreilly.com\/wp-content\/uploads\/2023\/04\/Nerida-Stitching-Wallet-01-Faby-Reilly-Designs.jpg?resize=1536%2C1536&amp;ssl=1 1536w, https:\/\/i0.wp.com\/fabyreilly.com\/wp-content\/uploads\/2023\/04\/Nerida-Stitching-Wallet-01-Faby-Reilly-Designs.jpg?resize=60%2C60&amp;ssl=1 60w, https:\/\/i0.wp.com\/fabyreilly.com\/wp-content\/uploads\/2023\/04\/Nerida-Stitching-Wallet-01-Faby-Reilly-Designs.jpg?resize=300%2C300&amp;ssl=1 300w, https:\/\/i0.wp.com\/fabyreilly.com\/wp-content\/uploads\/2023\/04\/Nerida-Stitching-Wallet-01-Faby-Reilly-Designs.jpg?resize=600%2C600&amp;ssl=1 600w, https:\/\/i0.wp.com\/fabyreilly.com\/wp-content\/uploads\/2023\/04\/Nerida-Stitching-Wallet-01-Faby-Reilly-Designs.jpg?resize=100%2C100&amp;ssl=1 100w\" sizes=\"auto, (max-width: 324px) 100vw, 324px\" data-attachment-id=\"163648\" data-permalink=\"https:\/\/fabyreilly.com\/fr\/?attachment_id=163648\" data-orig-file=\"https:\/\/i0.wp.com\/fabyreilly.com\/wp-content\/uploads\/2023\/04\/Nerida-Stitching-Wallet-01-Faby-Reilly-Designs.jpg?fit=2000%2C2000&amp;ssl=1\" data-orig-size=\"2000,2000\" data-comments-opened=\"1\" data-image-meta=\"{&quot;aperture&quot;:&quot;0&quot;,&quot;credit&quot;:&quot;&quot;,&quot;camera&quot;:&quot;&quot;,&quot;caption&quot;:&quot;&quot;,&quot;created_timestamp&quot;:&quot;0&quot;,&quot;copyright&quot;:&quot;&quot;,&quot;focal_length&quot;:&quot;0&quot;,&quot;iso&quot;:&quot;0&quot;,&quot;shutter_speed&quot;:&quot;0&quot;,&quot;title&quot;:&quot;&quot;,&quot;orientation&quot;:&quot;1&quot;}\" data-image-title=\"Etui \u00e0 broder Nerida 01 &amp;#8211; Faby Reilly Designs\" data-image-description=\"\" data-image-caption=\"\" data-large-file=\"https:\/\/i0.wp.com\/fabyreilly.com\/wp-content\/uploads\/2023\/04\/Nerida-Stitching-Wallet-01-Faby-Reilly-Designs.jpg?fit=980%2C980&amp;ssl=1\" \/><\/div>\n\t\t\t\t\t<div class=\"wc-block-grid__product-title\">SAL \u00c9tui \u00e0 broder N\u00e9rida<\/div>\n\t\t\t\t<\/a>\n\t\t\t\t\n\t\t\t\t\n\t\t\t\t\n\t\t\t<\/li><li class=\"wc-block-grid__product\">\n\t\t\t\t<a href=\"https:\/\/fabyreilly.com\/fr\/produit\/ensemble-lilas\/\" class=\"wc-block-grid__product-link\">\n\t\t\t\t\t\n\t\t\t\t\t<div class=\"wc-block-grid__product-image\"><img loading=\"lazy\" decoding=\"async\" width=\"324\" height=\"324\" src=\"https:\/\/i0.wp.com\/fabyreilly.com\/wp-content\/uploads\/2019\/05\/Lilac-stitching-set-01-Faby-Reilly-Designs.jpg?resize=324%2C324&amp;ssl=1\" class=\"attachment-woocommerce_thumbnail size-woocommerce_thumbnail\" alt=\"Lilac Stitching Set - Faby Reilly Designs\" srcset=\"https:\/\/i0.wp.com\/fabyreilly.com\/wp-content\/uploads\/2019\/05\/Lilac-stitching-set-01-Faby-Reilly-Designs.jpg?w=2000&amp;ssl=1 2000w, https:\/\/i0.wp.com\/fabyreilly.com\/wp-content\/uploads\/2019\/05\/Lilac-stitching-set-01-Faby-Reilly-Designs.jpg?resize=500%2C500&amp;ssl=1 500w, https:\/\/i0.wp.com\/fabyreilly.com\/wp-content\/uploads\/2019\/05\/Lilac-stitching-set-01-Faby-Reilly-Designs.jpg?resize=1024%2C1024&amp;ssl=1 1024w, https:\/\/i0.wp.com\/fabyreilly.com\/wp-content\/uploads\/2019\/05\/Lilac-stitching-set-01-Faby-Reilly-Designs.jpg?resize=150%2C150&amp;ssl=1 150w, https:\/\/i0.wp.com\/fabyreilly.com\/wp-content\/uploads\/2019\/05\/Lilac-stitching-set-01-Faby-Reilly-Designs.jpg?resize=768%2C768&amp;ssl=1 768w, https:\/\/i0.wp.com\/fabyreilly.com\/wp-content\/uploads\/2019\/05\/Lilac-stitching-set-01-Faby-Reilly-Designs.jpg?resize=1536%2C1536&amp;ssl=1 1536w, https:\/\/i0.wp.com\/fabyreilly.com\/wp-content\/uploads\/2019\/05\/Lilac-stitching-set-01-Faby-Reilly-Designs.jpg?resize=60%2C60&amp;ssl=1 60w, https:\/\/i0.wp.com\/fabyreilly.com\/wp-content\/uploads\/2019\/05\/Lilac-stitching-set-01-Faby-Reilly-Designs.jpg?resize=300%2C300&amp;ssl=1 300w, https:\/\/i0.wp.com\/fabyreilly.com\/wp-content\/uploads\/2019\/05\/Lilac-stitching-set-01-Faby-Reilly-Designs.jpg?resize=600%2C600&amp;ssl=1 600w, https:\/\/i0.wp.com\/fabyreilly.com\/wp-content\/uploads\/2019\/05\/Lilac-stitching-set-01-Faby-Reilly-Designs.jpg?resize=100%2C100&amp;ssl=1 100w\" sizes=\"auto, (max-width: 324px) 100vw, 324px\" data-attachment-id=\"165982\" data-permalink=\"https:\/\/fabyreilly.com\/fr\/?attachment_id=165982\" data-orig-file=\"https:\/\/i0.wp.com\/fabyreilly.com\/wp-content\/uploads\/2019\/05\/Lilac-stitching-set-01-Faby-Reilly-Designs.jpg?fit=2000%2C2000&amp;ssl=1\" data-orig-size=\"2000,2000\" data-comments-opened=\"1\" data-image-meta=\"{&quot;aperture&quot;:&quot;0&quot;,&quot;credit&quot;:&quot;&quot;,&quot;camera&quot;:&quot;&quot;,&quot;caption&quot;:&quot;&quot;,&quot;created_timestamp&quot;:&quot;0&quot;,&quot;copyright&quot;:&quot;&quot;,&quot;focal_length&quot;:&quot;0&quot;,&quot;iso&quot;:&quot;0&quot;,&quot;shutter_speed&quot;:&quot;0&quot;,&quot;title&quot;:&quot;&quot;,&quot;orientation&quot;:&quot;1&quot;}\" data-image-title=\"Lilac stitching set 01 &amp;#8211; Faby Reilly Designs\" data-image-description=\"\" data-image-caption=\"\" data-large-file=\"https:\/\/i0.wp.com\/fabyreilly.com\/wp-content\/uploads\/2019\/05\/Lilac-stitching-set-01-Faby-Reilly-Designs.jpg?fit=980%2C980&amp;ssl=1\" \/><\/div>\n\t\t\t\t\t<div class=\"wc-block-grid__product-title\">Ensemble Lilas<\/div>\n\t\t\t\t<\/a>\n\t\t\t\t\n\t\t\t\t\n\t\t\t\t\n\t\t\t<\/li><li class=\"wc-block-grid__product\">\n\t\t\t\t<a href=\"https:\/\/fabyreilly.com\/fr\/produit\/ensemble-violette\/\" class=\"wc-block-grid__product-link\">\n\t\t\t\t\t\n\t\t\t\t\t<div class=\"wc-block-grid__product-image\"><img loading=\"lazy\" decoding=\"async\" width=\"324\" height=\"324\" src=\"https:\/\/i0.wp.com\/fabyreilly.com\/wp-content\/uploads\/2019\/01\/Violet-Collection-01A-Faby-Reilly-Designs.jpg?resize=324%2C324&amp;ssl=1\" class=\"attachment-woocommerce_thumbnail size-woocommerce_thumbnail\" alt=\"Violet Stitching Set - Faby Reilly Designs\" srcset=\"https:\/\/i0.wp.com\/fabyreilly.com\/wp-content\/uploads\/2019\/01\/Violet-Collection-01A-Faby-Reilly-Designs.jpg?w=2000&amp;ssl=1 2000w, https:\/\/i0.wp.com\/fabyreilly.com\/wp-content\/uploads\/2019\/01\/Violet-Collection-01A-Faby-Reilly-Designs.jpg?resize=500%2C500&amp;ssl=1 500w, https:\/\/i0.wp.com\/fabyreilly.com\/wp-content\/uploads\/2019\/01\/Violet-Collection-01A-Faby-Reilly-Designs.jpg?resize=1024%2C1024&amp;ssl=1 1024w, https:\/\/i0.wp.com\/fabyreilly.com\/wp-content\/uploads\/2019\/01\/Violet-Collection-01A-Faby-Reilly-Designs.jpg?resize=150%2C150&amp;ssl=1 150w, https:\/\/i0.wp.com\/fabyreilly.com\/wp-content\/uploads\/2019\/01\/Violet-Collection-01A-Faby-Reilly-Designs.jpg?resize=768%2C768&amp;ssl=1 768w, https:\/\/i0.wp.com\/fabyreilly.com\/wp-content\/uploads\/2019\/01\/Violet-Collection-01A-Faby-Reilly-Designs.jpg?resize=1536%2C1536&amp;ssl=1 1536w, https:\/\/i0.wp.com\/fabyreilly.com\/wp-content\/uploads\/2019\/01\/Violet-Collection-01A-Faby-Reilly-Designs.jpg?resize=60%2C60&amp;ssl=1 60w, https:\/\/i0.wp.com\/fabyreilly.com\/wp-content\/uploads\/2019\/01\/Violet-Collection-01A-Faby-Reilly-Designs.jpg?resize=300%2C300&amp;ssl=1 300w, https:\/\/i0.wp.com\/fabyreilly.com\/wp-content\/uploads\/2019\/01\/Violet-Collection-01A-Faby-Reilly-Designs.jpg?resize=600%2C600&amp;ssl=1 600w, https:\/\/i0.wp.com\/fabyreilly.com\/wp-content\/uploads\/2019\/01\/Violet-Collection-01A-Faby-Reilly-Designs.jpg?resize=100%2C100&amp;ssl=1 100w\" sizes=\"auto, (max-width: 324px) 100vw, 324px\" data-attachment-id=\"167163\" data-permalink=\"https:\/\/fabyreilly.com\/fr\/?attachment_id=167163\" data-orig-file=\"https:\/\/i0.wp.com\/fabyreilly.com\/wp-content\/uploads\/2019\/01\/Violet-Collection-01A-Faby-Reilly-Designs.jpg?fit=2000%2C2000&amp;ssl=1\" data-orig-size=\"2000,2000\" data-comments-opened=\"1\" data-image-meta=\"{&quot;aperture&quot;:&quot;0&quot;,&quot;credit&quot;:&quot;&quot;,&quot;camera&quot;:&quot;&quot;,&quot;caption&quot;:&quot;&quot;,&quot;created_timestamp&quot;:&quot;0&quot;,&quot;copyright&quot;:&quot;&quot;,&quot;focal_length&quot;:&quot;0&quot;,&quot;iso&quot;:&quot;0&quot;,&quot;shutter_speed&quot;:&quot;0&quot;,&quot;title&quot;:&quot;&quot;,&quot;orientation&quot;:&quot;1&quot;}\" data-image-title=\"Violet Collection 01A &amp;#8211; Faby Reilly Designs\" data-image-description=\"\" data-image-caption=\"\" data-large-file=\"https:\/\/i0.wp.com\/fabyreilly.com\/wp-content\/uploads\/2019\/01\/Violet-Collection-01A-Faby-Reilly-Designs.jpg?fit=980%2C980&amp;ssl=1\" \/><\/div>\n\t\t\t\t\t<div class=\"wc-block-grid__product-title\">Ensemble Violette<\/div>\n\t\t\t\t<\/a>\n\t\t\t\t\n\t\t\t\t\n\t\t\t\t\n\t\t\t<\/li><li class=\"wc-block-grid__product\">\n\t\t\t\t<a href=\"https:\/\/fabyreilly.com\/fr\/produit\/livret-a-aiguilles-eglantine\/\" class=\"wc-block-grid__product-link\">\n\t\t\t\t\t\n\t\t\t\t\t<div class=\"wc-block-grid__product-image\"><img loading=\"lazy\" decoding=\"async\" width=\"324\" height=\"324\" src=\"https:\/\/i0.wp.com\/fabyreilly.com\/wp-content\/uploads\/2016\/03\/wdr090-ndbk-pfi01.jpg?resize=324%2C324&amp;ssl=1\" class=\"attachment-woocommerce_thumbnail size-woocommerce_thumbnail\" alt=\"Livret \u00e0 aiguilles \u00c9glantine\" data-attachment-id=\"154819\" data-permalink=\"https:\/\/fabyreilly.com\/fr\/wdr090-ndbk-pfi01-2\/\" data-orig-file=\"https:\/\/i0.wp.com\/fabyreilly.com\/wp-content\/uploads\/2016\/03\/wdr090-ndbk-pfi01.jpg?fit=800%2C800&amp;ssl=1\" data-orig-size=\"800,800\" data-comments-opened=\"1\" data-image-meta=\"{&quot;aperture&quot;:&quot;0&quot;,&quot;credit&quot;:&quot;&quot;,&quot;camera&quot;:&quot;&quot;,&quot;caption&quot;:&quot;&quot;,&quot;created_timestamp&quot;:&quot;0&quot;,&quot;copyright&quot;:&quot;&quot;,&quot;focal_length&quot;:&quot;0&quot;,&quot;iso&quot;:&quot;0&quot;,&quot;shutter_speed&quot;:&quot;0&quot;,&quot;title&quot;:&quot;&quot;,&quot;orientation&quot;:&quot;1&quot;}\" data-image-title=\"Livret \u00e0 aiguilles \u00c9glantine\" data-image-description=\"\" data-image-caption=\"\" data-large-file=\"https:\/\/i0.wp.com\/fabyreilly.com\/wp-content\/uploads\/2016\/03\/wdr090-ndbk-pfi01.jpg?fit=800%2C800&amp;ssl=1\" \/><\/div>\n\t\t\t\t\t<div class=\"wc-block-grid__product-title\">Livret \u00e0 aiguilles \u00c9glantine<\/div>\n\t\t\t\t<\/a>\n\t\t\t\t\n\t\t\t\t\n\t\t\t\t\n\t\t\t<\/li><li class=\"wc-block-grid__product\">\n\t\t\t\t<a href=\"https:\/\/fabyreilly.com\/fr\/produit\/ensemble-perce-neige\/\" class=\"wc-block-grid__product-link\">\n\t\t\t\t\t\n\t\t\t\t\t<div class=\"wc-block-grid__product-image\"><img loading=\"lazy\" decoding=\"async\" width=\"324\" height=\"324\" src=\"https:\/\/i0.wp.com\/fabyreilly.com\/wp-content\/uploads\/2021\/01\/Snowdrop-Collection-01A-Faby-Reilly-Designs-copie.jpg?resize=324%2C324&amp;ssl=1\" class=\"attachment-woocommerce_thumbnail size-woocommerce_thumbnail\" alt=\"Stitched models for the snowdrop biscornu, scissor case and needle book designed by Faby Reilly\" srcset=\"https:\/\/i0.wp.com\/fabyreilly.com\/wp-content\/uploads\/2021\/01\/Snowdrop-Collection-01A-Faby-Reilly-Designs-copie.jpg?w=2000&amp;ssl=1 2000w, https:\/\/i0.wp.com\/fabyreilly.com\/wp-content\/uploads\/2021\/01\/Snowdrop-Collection-01A-Faby-Reilly-Designs-copie.jpg?resize=500%2C500&amp;ssl=1 500w, https:\/\/i0.wp.com\/fabyreilly.com\/wp-content\/uploads\/2021\/01\/Snowdrop-Collection-01A-Faby-Reilly-Designs-copie.jpg?resize=1024%2C1024&amp;ssl=1 1024w, https:\/\/i0.wp.com\/fabyreilly.com\/wp-content\/uploads\/2021\/01\/Snowdrop-Collection-01A-Faby-Reilly-Designs-copie.jpg?resize=150%2C150&amp;ssl=1 150w, https:\/\/i0.wp.com\/fabyreilly.com\/wp-content\/uploads\/2021\/01\/Snowdrop-Collection-01A-Faby-Reilly-Designs-copie.jpg?resize=768%2C768&amp;ssl=1 768w, https:\/\/i0.wp.com\/fabyreilly.com\/wp-content\/uploads\/2021\/01\/Snowdrop-Collection-01A-Faby-Reilly-Designs-copie.jpg?resize=1536%2C1536&amp;ssl=1 1536w, https:\/\/i0.wp.com\/fabyreilly.com\/wp-content\/uploads\/2021\/01\/Snowdrop-Collection-01A-Faby-Reilly-Designs-copie.jpg?resize=60%2C60&amp;ssl=1 60w, https:\/\/i0.wp.com\/fabyreilly.com\/wp-content\/uploads\/2021\/01\/Snowdrop-Collection-01A-Faby-Reilly-Designs-copie.jpg?resize=300%2C300&amp;ssl=1 300w, https:\/\/i0.wp.com\/fabyreilly.com\/wp-content\/uploads\/2021\/01\/Snowdrop-Collection-01A-Faby-Reilly-Designs-copie.jpg?resize=600%2C600&amp;ssl=1 600w, https:\/\/i0.wp.com\/fabyreilly.com\/wp-content\/uploads\/2021\/01\/Snowdrop-Collection-01A-Faby-Reilly-Designs-copie.jpg?resize=100%2C100&amp;ssl=1 100w\" sizes=\"auto, (max-width: 324px) 100vw, 324px\" data-attachment-id=\"167151\" data-permalink=\"https:\/\/fabyreilly.com\/fr\/?attachment_id=167151\" data-orig-file=\"https:\/\/i0.wp.com\/fabyreilly.com\/wp-content\/uploads\/2021\/01\/Snowdrop-Collection-01A-Faby-Reilly-Designs-copie.jpg?fit=2000%2C2000&amp;ssl=1\" data-orig-size=\"2000,2000\" data-comments-opened=\"1\" data-image-meta=\"{&quot;aperture&quot;:&quot;0&quot;,&quot;credit&quot;:&quot;&quot;,&quot;camera&quot;:&quot;&quot;,&quot;caption&quot;:&quot;&quot;,&quot;created_timestamp&quot;:&quot;0&quot;,&quot;copyright&quot;:&quot;&quot;,&quot;focal_length&quot;:&quot;0&quot;,&quot;iso&quot;:&quot;0&quot;,&quot;shutter_speed&quot;:&quot;0&quot;,&quot;title&quot;:&quot;&quot;,&quot;orientation&quot;:&quot;1&quot;}\" data-image-title=\"Snowdrop Collection 01A &amp;#8211; Faby Reilly Designs copie\" data-image-description=\"\" data-image-caption=\"\" data-large-file=\"https:\/\/i0.wp.com\/fabyreilly.com\/wp-content\/uploads\/2021\/01\/Snowdrop-Collection-01A-Faby-Reilly-Designs-copie.jpg?fit=980%2C980&amp;ssl=1\" \/><\/div>\n\t\t\t\t\t<div class=\"wc-block-grid__product-title\">Ensemble Perce-Neige<\/div>\n\t\t\t\t<\/a>\n\t\t\t\t\n\t\t\t\t\n\t\t\t\t\n\t\t\t<\/li><li class=\"wc-block-grid__product\">\n\t\t\t\t<a href=\"https:\/\/fabyreilly.com\/fr\/produit\/etui-a-ciseaux-eglantine\/\" class=\"wc-block-grid__product-link\">\n\t\t\t\t\t\n\t\t\t\t\t<div class=\"wc-block-grid__product-image\"><img loading=\"lazy\" decoding=\"async\" width=\"324\" height=\"324\" src=\"https:\/\/i0.wp.com\/fabyreilly.com\/wp-content\/uploads\/2016\/03\/wdr100-scic-pfi01.jpg?resize=324%2C324&amp;ssl=1\" class=\"attachment-woocommerce_thumbnail size-woocommerce_thumbnail\" alt=\"\u00c9tui \u00e0 ciseaux \u00c9glantine\" data-attachment-id=\"154823\" data-permalink=\"https:\/\/fabyreilly.com\/fr\/wdr100-scic-pfi01-2\/\" data-orig-file=\"https:\/\/i0.wp.com\/fabyreilly.com\/wp-content\/uploads\/2016\/03\/wdr100-scic-pfi01.jpg?fit=800%2C800&amp;ssl=1\" data-orig-size=\"800,800\" data-comments-opened=\"1\" data-image-meta=\"{&quot;aperture&quot;:&quot;0&quot;,&quot;credit&quot;:&quot;&quot;,&quot;camera&quot;:&quot;&quot;,&quot;caption&quot;:&quot;&quot;,&quot;created_timestamp&quot;:&quot;0&quot;,&quot;copyright&quot;:&quot;&quot;,&quot;focal_length&quot;:&quot;0&quot;,&quot;iso&quot;:&quot;0&quot;,&quot;shutter_speed&quot;:&quot;0&quot;,&quot;title&quot;:&quot;&quot;,&quot;orientation&quot;:&quot;1&quot;}\" data-image-title=\"\u00c9tui \u00e0 ciseaux \u00c9glantine\" data-image-description=\"\" data-image-caption=\"\" data-large-file=\"https:\/\/i0.wp.com\/fabyreilly.com\/wp-content\/uploads\/2016\/03\/wdr100-scic-pfi01.jpg?fit=800%2C800&amp;ssl=1\" \/><\/div>\n\t\t\t\t\t<div class=\"wc-block-grid__product-title\">\u00c9tui \u00e0 ciseaux \u00c9glantine<\/div>\n\t\t\t\t<\/a>\n\t\t\t\t\n\t\t\t\t\n\t\t\t\t\n\t\t\t<\/li><li class=\"wc-block-grid__product\">\n\t\t\t\t<a href=\"https:\/\/fabyreilly.com\/fr\/produit\/etui-a-lunettes-coquelicot\/\" class=\"wc-block-grid__product-link\">\n\t\t\t\t\t\n\t\t\t\t\t<div class=\"wc-block-grid__product-image\"><img loading=\"lazy\" decoding=\"async\" width=\"324\" height=\"324\" src=\"https:\/\/i0.wp.com\/fabyreilly.com\/wp-content\/uploads\/2019\/01\/Poppy-Glasses-Case-FRD-01.jpg?resize=324%2C324&amp;ssl=1\" class=\"attachment-woocommerce_thumbnail size-woocommerce_thumbnail\" alt=\"Poppy Glasses Case - Faby Reilly Designs\" srcset=\"https:\/\/i0.wp.com\/fabyreilly.com\/wp-content\/uploads\/2019\/01\/Poppy-Glasses-Case-FRD-01.jpg?w=1000&amp;ssl=1 1000w, https:\/\/i0.wp.com\/fabyreilly.com\/wp-content\/uploads\/2019\/01\/Poppy-Glasses-Case-FRD-01.jpg?resize=150%2C150&amp;ssl=1 150w, https:\/\/i0.wp.com\/fabyreilly.com\/wp-content\/uploads\/2019\/01\/Poppy-Glasses-Case-FRD-01.jpg?resize=500%2C500&amp;ssl=1 500w, https:\/\/i0.wp.com\/fabyreilly.com\/wp-content\/uploads\/2019\/01\/Poppy-Glasses-Case-FRD-01.jpg?resize=768%2C768&amp;ssl=1 768w, https:\/\/i0.wp.com\/fabyreilly.com\/wp-content\/uploads\/2019\/01\/Poppy-Glasses-Case-FRD-01.jpg?resize=800%2C800&amp;ssl=1 800w, https:\/\/i0.wp.com\/fabyreilly.com\/wp-content\/uploads\/2019\/01\/Poppy-Glasses-Case-FRD-01.jpg?resize=300%2C300&amp;ssl=1 300w, https:\/\/i0.wp.com\/fabyreilly.com\/wp-content\/uploads\/2019\/01\/Poppy-Glasses-Case-FRD-01.jpg?resize=600%2C600&amp;ssl=1 600w, https:\/\/i0.wp.com\/fabyreilly.com\/wp-content\/uploads\/2019\/01\/Poppy-Glasses-Case-FRD-01.jpg?resize=100%2C100&amp;ssl=1 100w, https:\/\/i0.wp.com\/fabyreilly.com\/wp-content\/uploads\/2019\/01\/Poppy-Glasses-Case-FRD-01.jpg?resize=50%2C50&amp;ssl=1 50w\" sizes=\"auto, (max-width: 324px) 100vw, 324px\" data-attachment-id=\"155922\" data-permalink=\"https:\/\/fabyreilly.com\/fr\/?attachment_id=155922\" data-orig-file=\"https:\/\/i0.wp.com\/fabyreilly.com\/wp-content\/uploads\/2019\/01\/Poppy-Glasses-Case-FRD-01.jpg?fit=1000%2C1000&amp;ssl=1\" data-orig-size=\"1000,1000\" data-comments-opened=\"1\" data-image-meta=\"{&quot;aperture&quot;:&quot;0&quot;,&quot;credit&quot;:&quot;&quot;,&quot;camera&quot;:&quot;&quot;,&quot;caption&quot;:&quot;&quot;,&quot;created_timestamp&quot;:&quot;0&quot;,&quot;copyright&quot;:&quot;&quot;,&quot;focal_length&quot;:&quot;0&quot;,&quot;iso&quot;:&quot;0&quot;,&quot;shutter_speed&quot;:&quot;0&quot;,&quot;title&quot;:&quot;&quot;,&quot;orientation&quot;:&quot;1&quot;}\" data-image-title=\"Poppy Glasses Case &amp;#8211; Faby Reilly Designs\" data-image-description=\"\" data-image-caption=\"\" data-large-file=\"https:\/\/i0.wp.com\/fabyreilly.com\/wp-content\/uploads\/2019\/01\/Poppy-Glasses-Case-FRD-01.jpg?fit=980%2C980&amp;ssl=1\" \/><\/div>\n\t\t\t\t\t<div class=\"wc-block-grid__product-title\">\u00c9tui \u00e0 lunettes Coquelicot<\/div>\n\t\t\t\t<\/a>\n\t\t\t\t\n\t\t\t\t\n\t\t\t\t\n\t\t\t<\/li><\/ul><\/div>","protected":false},"excerpt":{"rendered":"","protected":false},"author":76380979,"featured_media":156743,"comment_status":"open","ping_status":"open","sticky":false,"template":"","format":"standard","meta":{"_coblocks_attr":"","_coblocks_dimensions":"","_coblocks_responsive_height":"","_coblocks_accordion_ie_support":"","_crdt_document":"","_jetpack_newsletter_access":"","_jetpack_dont_email_post_to_subs":false,"_jetpack_newsletter_tier_id":0,"_jetpack_memberships_contains_paywalled_content":false,"_jetpack_memberships_contains_paid_content":false,"footnotes":"","jetpack_publicize_message":"","jetpack_publicize_feature_enabled":true,"jetpack_social_post_already_shared":true,"jetpack_social_options":{"image_generator_settings":{"template":"highway","default_image_id":0,"font":"","enabled":false},"version":2},"_wpas_customize_per_network":false,"jetpack_post_was_ever_published":false},"categories":[650086370],"tags":[650086398,650086394,650086386],"class_list":["post-158276","post","type-post","status-publish","format-standard","has-post-thumbnail","hentry","category-astuces","tag-astuces","tag-couture","tag-techniquesdefinition"],"yoast_head":"<!-- This site is optimized with the Yoast SEO plugin v27.5 - https:\/\/yoast.com\/product\/yoast-seo-wordpress\/ -->\n<title>Comment appliquer de la viseline... sans risquer la vie de son fer! - Faby Reilly Designs<\/title>\n<meta name=\"robots\" content=\"index, follow, max-snippet:-1, max-image-preview:large, max-video-preview:-1\" \/>\n<link rel=\"canonical\" href=\"https:\/\/fabyreilly.com\/fr\/2016\/11\/30\/comment-appliquer-de-la-viseline-sans-risquer-la-vie-de-son-fer\/\" \/>\n<meta property=\"og:locale\" content=\"fr_FR\" \/>\n<meta property=\"og:type\" content=\"article\" \/>\n<meta property=\"og:title\" content=\"Comment appliquer de la viseline... sans risquer la vie de son fer! - Faby Reilly Designs\" \/>\n<meta property=\"og:url\" content=\"https:\/\/fabyreilly.com\/fr\/2016\/11\/30\/comment-appliquer-de-la-viseline-sans-risquer-la-vie-de-son-fer\/\" \/>\n<meta property=\"og:site_name\" content=\"Faby Reilly Designs\" \/>\n<meta property=\"article:publisher\" content=\"https:\/\/www.facebook.com\/FabyReillyDesigns\/\" \/>\n<meta property=\"article:published_time\" content=\"2016-11-30T11:18:53+00:00\" \/>\n<meta property=\"article:modified_time\" content=\"2026-04-05T17:09:35+00:00\" \/>\n<meta property=\"og:image\" content=\"https:\/\/i0.wp.com\/fabyreilly.com\/wp-content\/uploads\/2016\/11\/Interfacing-Tutorial-Header-Faby-Reilly-Designs.png?fit=1200%2C675&ssl=1\" \/>\n\t<meta property=\"og:image:width\" content=\"1200\" \/>\n\t<meta property=\"og:image:height\" content=\"675\" \/>\n\t<meta property=\"og:image:type\" content=\"image\/png\" \/>\n<meta name=\"author\" content=\"Faby Reilly\" \/>\n<meta name=\"twitter:card\" content=\"summary_large_image\" \/>\n<meta name=\"twitter:creator\" content=\"@FabyReilly\" \/>\n<meta name=\"twitter:site\" content=\"@FabyReilly\" \/>\n<meta name=\"twitter:label1\" content=\"\u00c9crit par\" \/>\n\t<meta name=\"twitter:data1\" content=\"Faby Reilly\" \/>\n\t<meta name=\"twitter:label2\" content=\"Dur\u00e9e de lecture estim\u00e9e\" \/>\n\t<meta name=\"twitter:data2\" content=\"2 minutes\" \/>\n<script type=\"application\/ld+json\" class=\"yoast-schema-graph\">{\"@context\":\"https:\\\/\\\/schema.org\",\"@graph\":[{\"@type\":\"Article\",\"@id\":\"https:\\\/\\\/fabyreilly.com\\\/fr\\\/2016\\\/11\\\/30\\\/comment-appliquer-de-la-viseline-sans-risquer-la-vie-de-son-fer\\\/#article\",\"isPartOf\":{\"@id\":\"https:\\\/\\\/fabyreilly.com\\\/fr\\\/2016\\\/11\\\/30\\\/comment-appliquer-de-la-viseline-sans-risquer-la-vie-de-son-fer\\\/\"},\"author\":{\"name\":\"Faby Reilly\",\"@id\":\"https:\\\/\\\/fabyreilly.com\\\/fr\\\/#\\\/schema\\\/person\\\/ca0d9b895e77c66fa854e20f6b0f95d2\"},\"headline\":\"Comment appliquer de la viseline&#8230; sans risquer la vie de son fer!\",\"datePublished\":\"2016-11-30T11:18:53+00:00\",\"dateModified\":\"2026-04-05T17:09:35+00:00\",\"mainEntityOfPage\":{\"@id\":\"https:\\\/\\\/fabyreilly.com\\\/fr\\\/2016\\\/11\\\/30\\\/comment-appliquer-de-la-viseline-sans-risquer-la-vie-de-son-fer\\\/\"},\"wordCount\":444,\"commentCount\":0,\"publisher\":{\"@id\":\"https:\\\/\\\/fabyreilly.com\\\/fr\\\/#organization\"},\"image\":{\"@id\":\"https:\\\/\\\/fabyreilly.com\\\/fr\\\/2016\\\/11\\\/30\\\/comment-appliquer-de-la-viseline-sans-risquer-la-vie-de-son-fer\\\/#primaryimage\"},\"thumbnailUrl\":\"https:\\\/\\\/i0.wp.com\\\/fabyreilly.com\\\/wp-content\\\/uploads\\\/2016\\\/11\\\/Interfacing-Tutorial-Header-Faby-Reilly-Designs.png?fit=1200%2C675&ssl=1\",\"keywords\":[\"Astuces\",\"Couture\",\"TechniquesDeFinition\"],\"articleSection\":[\"Astuces\"],\"inLanguage\":\"fr-FR\",\"potentialAction\":[{\"@type\":\"CommentAction\",\"name\":\"Comment\",\"target\":[\"https:\\\/\\\/fabyreilly.com\\\/fr\\\/2016\\\/11\\\/30\\\/comment-appliquer-de-la-viseline-sans-risquer-la-vie-de-son-fer\\\/#respond\"]}]},{\"@type\":\"WebPage\",\"@id\":\"https:\\\/\\\/fabyreilly.com\\\/fr\\\/2016\\\/11\\\/30\\\/comment-appliquer-de-la-viseline-sans-risquer-la-vie-de-son-fer\\\/\",\"url\":\"https:\\\/\\\/fabyreilly.com\\\/fr\\\/2016\\\/11\\\/30\\\/comment-appliquer-de-la-viseline-sans-risquer-la-vie-de-son-fer\\\/\",\"name\":\"Comment appliquer de la viseline... sans risquer la vie de son fer! - Faby Reilly Designs\",\"isPartOf\":{\"@id\":\"https:\\\/\\\/fabyreilly.com\\\/fr\\\/#website\"},\"primaryImageOfPage\":{\"@id\":\"https:\\\/\\\/fabyreilly.com\\\/fr\\\/2016\\\/11\\\/30\\\/comment-appliquer-de-la-viseline-sans-risquer-la-vie-de-son-fer\\\/#primaryimage\"},\"image\":{\"@id\":\"https:\\\/\\\/fabyreilly.com\\\/fr\\\/2016\\\/11\\\/30\\\/comment-appliquer-de-la-viseline-sans-risquer-la-vie-de-son-fer\\\/#primaryimage\"},\"thumbnailUrl\":\"https:\\\/\\\/i0.wp.com\\\/fabyreilly.com\\\/wp-content\\\/uploads\\\/2016\\\/11\\\/Interfacing-Tutorial-Header-Faby-Reilly-Designs.png?fit=1200%2C675&ssl=1\",\"datePublished\":\"2016-11-30T11:18:53+00:00\",\"dateModified\":\"2026-04-05T17:09:35+00:00\",\"breadcrumb\":{\"@id\":\"https:\\\/\\\/fabyreilly.com\\\/fr\\\/2016\\\/11\\\/30\\\/comment-appliquer-de-la-viseline-sans-risquer-la-vie-de-son-fer\\\/#breadcrumb\"},\"inLanguage\":\"fr-FR\",\"potentialAction\":[{\"@type\":\"ReadAction\",\"target\":[\"https:\\\/\\\/fabyreilly.com\\\/fr\\\/2016\\\/11\\\/30\\\/comment-appliquer-de-la-viseline-sans-risquer-la-vie-de-son-fer\\\/\"]}]},{\"@type\":\"ImageObject\",\"inLanguage\":\"fr-FR\",\"@id\":\"https:\\\/\\\/fabyreilly.com\\\/fr\\\/2016\\\/11\\\/30\\\/comment-appliquer-de-la-viseline-sans-risquer-la-vie-de-son-fer\\\/#primaryimage\",\"url\":\"https:\\\/\\\/i0.wp.com\\\/fabyreilly.com\\\/wp-content\\\/uploads\\\/2016\\\/11\\\/Interfacing-Tutorial-Header-Faby-Reilly-Designs.png?fit=1200%2C675&ssl=1\",\"contentUrl\":\"https:\\\/\\\/i0.wp.com\\\/fabyreilly.com\\\/wp-content\\\/uploads\\\/2016\\\/11\\\/Interfacing-Tutorial-Header-Faby-Reilly-Designs.png?fit=1200%2C675&ssl=1\",\"width\":1200,\"height\":675,\"caption\":\"ViselineTuto Header - Faby Reilly Designs\"},{\"@type\":\"BreadcrumbList\",\"@id\":\"https:\\\/\\\/fabyreilly.com\\\/fr\\\/2016\\\/11\\\/30\\\/comment-appliquer-de-la-viseline-sans-risquer-la-vie-de-son-fer\\\/#breadcrumb\",\"itemListElement\":[{\"@type\":\"ListItem\",\"position\":1,\"name\":\"Accueil\",\"item\":\"https:\\\/\\\/fabyreilly.com\\\/fr\\\/\"},{\"@type\":\"ListItem\",\"position\":2,\"name\":\"Comment appliquer de la viseline&#8230; sans risquer la vie de son fer!\"}]},{\"@type\":\"WebSite\",\"@id\":\"https:\\\/\\\/fabyreilly.com\\\/fr\\\/#website\",\"url\":\"https:\\\/\\\/fabyreilly.com\\\/fr\\\/\",\"name\":\"Faby Reilly Designs\",\"description\":\"Brodez avec style et \u00e9l\u00e9gance\",\"publisher\":{\"@id\":\"https:\\\/\\\/fabyreilly.com\\\/fr\\\/#organization\"},\"alternateName\":\"FRD\",\"potentialAction\":[{\"@type\":\"SearchAction\",\"target\":{\"@type\":\"EntryPoint\",\"urlTemplate\":\"https:\\\/\\\/fabyreilly.com\\\/fr\\\/?s={search_term_string}\"},\"query-input\":{\"@type\":\"PropertyValueSpecification\",\"valueRequired\":true,\"valueName\":\"search_term_string\"}}],\"inLanguage\":\"fr-FR\"},{\"@type\":\"Organization\",\"@id\":\"https:\\\/\\\/fabyreilly.com\\\/fr\\\/#organization\",\"name\":\"Faby Reilly Designs\",\"alternateName\":\"FRD\",\"url\":\"https:\\\/\\\/fabyreilly.com\\\/fr\\\/\",\"logo\":{\"@type\":\"ImageObject\",\"inLanguage\":\"fr-FR\",\"@id\":\"https:\\\/\\\/fabyreilly.com\\\/fr\\\/#\\\/schema\\\/logo\\\/image\\\/\",\"url\":\"https:\\\/\\\/i0.wp.com\\\/fabyreilly.com\\\/wp-content\\\/uploads\\\/2026\\\/04\\\/FRD-Tag-Logo.png?fit=600%2C250&ssl=1\",\"contentUrl\":\"https:\\\/\\\/i0.wp.com\\\/fabyreilly.com\\\/wp-content\\\/uploads\\\/2026\\\/04\\\/FRD-Tag-Logo.png?fit=600%2C250&ssl=1\",\"width\":600,\"height\":250,\"caption\":\"Faby Reilly Designs\"},\"image\":{\"@id\":\"https:\\\/\\\/fabyreilly.com\\\/fr\\\/#\\\/schema\\\/logo\\\/image\\\/\"},\"sameAs\":[\"https:\\\/\\\/www.facebook.com\\\/FabyReillyDesigns\\\/\",\"https:\\\/\\\/x.com\\\/FabyReilly\",\"https:\\\/\\\/www.instagram.com\\\/fabyreillydesigns\\\/\",\"https:\\\/\\\/www.pinterest.fr\\\/fabyreilly\\\/\"]},{\"@type\":\"Person\",\"@id\":\"https:\\\/\\\/fabyreilly.com\\\/fr\\\/#\\\/schema\\\/person\\\/ca0d9b895e77c66fa854e20f6b0f95d2\",\"name\":\"Faby Reilly\",\"image\":{\"@type\":\"ImageObject\",\"inLanguage\":\"fr-FR\",\"@id\":\"https:\\\/\\\/secure.gravatar.com\\\/avatar\\\/f5314217e161d7abf6d5b47fb382555b297a30523b6fd83f99f9255ee634c2cc?s=96&d=blank&r=g\",\"url\":\"https:\\\/\\\/secure.gravatar.com\\\/avatar\\\/f5314217e161d7abf6d5b47fb382555b297a30523b6fd83f99f9255ee634c2cc?s=96&d=blank&r=g\",\"contentUrl\":\"https:\\\/\\\/secure.gravatar.com\\\/avatar\\\/f5314217e161d7abf6d5b47fb382555b297a30523b6fd83f99f9255ee634c2cc?s=96&d=blank&r=g\",\"caption\":\"Faby Reilly\"},\"description\":\"Needlework Designer (Faby Reilly Designs)\",\"sameAs\":[\"https:\\\/\\\/fabyreilly.com\\\/\"]}]}<\/script>\n<!-- \/ Yoast SEO plugin. -->","yoast_head_json":{"title":"Comment appliquer de la viseline... sans risquer la vie de son fer! - Faby Reilly Designs","robots":{"index":"index","follow":"follow","max-snippet":"max-snippet:-1","max-image-preview":"max-image-preview:large","max-video-preview":"max-video-preview:-1"},"canonical":"https:\/\/fabyreilly.com\/fr\/2016\/11\/30\/comment-appliquer-de-la-viseline-sans-risquer-la-vie-de-son-fer\/","og_locale":"fr_FR","og_type":"article","og_title":"Comment appliquer de la viseline... sans risquer la vie de son fer! - Faby Reilly Designs","og_url":"https:\/\/fabyreilly.com\/fr\/2016\/11\/30\/comment-appliquer-de-la-viseline-sans-risquer-la-vie-de-son-fer\/","og_site_name":"Faby Reilly Designs","article_publisher":"https:\/\/www.facebook.com\/FabyReillyDesigns\/","article_published_time":"2016-11-30T11:18:53+00:00","article_modified_time":"2026-04-05T17:09:35+00:00","og_image":[{"width":1200,"height":675,"url":"https:\/\/i0.wp.com\/fabyreilly.com\/wp-content\/uploads\/2016\/11\/Interfacing-Tutorial-Header-Faby-Reilly-Designs.png?fit=1200%2C675&ssl=1","type":"image\/png"}],"author":"Faby Reilly","twitter_card":"summary_large_image","twitter_creator":"@FabyReilly","twitter_site":"@FabyReilly","twitter_misc":{"\u00c9crit par":"Faby Reilly","Dur\u00e9e de lecture estim\u00e9e":"2 minutes"},"schema":{"@context":"https:\/\/schema.org","@graph":[{"@type":"Article","@id":"https:\/\/fabyreilly.com\/fr\/2016\/11\/30\/comment-appliquer-de-la-viseline-sans-risquer-la-vie-de-son-fer\/#article","isPartOf":{"@id":"https:\/\/fabyreilly.com\/fr\/2016\/11\/30\/comment-appliquer-de-la-viseline-sans-risquer-la-vie-de-son-fer\/"},"author":{"name":"Faby Reilly","@id":"https:\/\/fabyreilly.com\/fr\/#\/schema\/person\/ca0d9b895e77c66fa854e20f6b0f95d2"},"headline":"Comment appliquer de la viseline&#8230; sans risquer la vie de son fer!","datePublished":"2016-11-30T11:18:53+00:00","dateModified":"2026-04-05T17:09:35+00:00","mainEntityOfPage":{"@id":"https:\/\/fabyreilly.com\/fr\/2016\/11\/30\/comment-appliquer-de-la-viseline-sans-risquer-la-vie-de-son-fer\/"},"wordCount":444,"commentCount":0,"publisher":{"@id":"https:\/\/fabyreilly.com\/fr\/#organization"},"image":{"@id":"https:\/\/fabyreilly.com\/fr\/2016\/11\/30\/comment-appliquer-de-la-viseline-sans-risquer-la-vie-de-son-fer\/#primaryimage"},"thumbnailUrl":"https:\/\/i0.wp.com\/fabyreilly.com\/wp-content\/uploads\/2016\/11\/Interfacing-Tutorial-Header-Faby-Reilly-Designs.png?fit=1200%2C675&ssl=1","keywords":["Astuces","Couture","TechniquesDeFinition"],"articleSection":["Astuces"],"inLanguage":"fr-FR","potentialAction":[{"@type":"CommentAction","name":"Comment","target":["https:\/\/fabyreilly.com\/fr\/2016\/11\/30\/comment-appliquer-de-la-viseline-sans-risquer-la-vie-de-son-fer\/#respond"]}]},{"@type":"WebPage","@id":"https:\/\/fabyreilly.com\/fr\/2016\/11\/30\/comment-appliquer-de-la-viseline-sans-risquer-la-vie-de-son-fer\/","url":"https:\/\/fabyreilly.com\/fr\/2016\/11\/30\/comment-appliquer-de-la-viseline-sans-risquer-la-vie-de-son-fer\/","name":"Comment appliquer de la viseline... sans risquer la vie de son fer! - Faby Reilly Designs","isPartOf":{"@id":"https:\/\/fabyreilly.com\/fr\/#website"},"primaryImageOfPage":{"@id":"https:\/\/fabyreilly.com\/fr\/2016\/11\/30\/comment-appliquer-de-la-viseline-sans-risquer-la-vie-de-son-fer\/#primaryimage"},"image":{"@id":"https:\/\/fabyreilly.com\/fr\/2016\/11\/30\/comment-appliquer-de-la-viseline-sans-risquer-la-vie-de-son-fer\/#primaryimage"},"thumbnailUrl":"https:\/\/i0.wp.com\/fabyreilly.com\/wp-content\/uploads\/2016\/11\/Interfacing-Tutorial-Header-Faby-Reilly-Designs.png?fit=1200%2C675&ssl=1","datePublished":"2016-11-30T11:18:53+00:00","dateModified":"2026-04-05T17:09:35+00:00","breadcrumb":{"@id":"https:\/\/fabyreilly.com\/fr\/2016\/11\/30\/comment-appliquer-de-la-viseline-sans-risquer-la-vie-de-son-fer\/#breadcrumb"},"inLanguage":"fr-FR","potentialAction":[{"@type":"ReadAction","target":["https:\/\/fabyreilly.com\/fr\/2016\/11\/30\/comment-appliquer-de-la-viseline-sans-risquer-la-vie-de-son-fer\/"]}]},{"@type":"ImageObject","inLanguage":"fr-FR","@id":"https:\/\/fabyreilly.com\/fr\/2016\/11\/30\/comment-appliquer-de-la-viseline-sans-risquer-la-vie-de-son-fer\/#primaryimage","url":"https:\/\/i0.wp.com\/fabyreilly.com\/wp-content\/uploads\/2016\/11\/Interfacing-Tutorial-Header-Faby-Reilly-Designs.png?fit=1200%2C675&ssl=1","contentUrl":"https:\/\/i0.wp.com\/fabyreilly.com\/wp-content\/uploads\/2016\/11\/Interfacing-Tutorial-Header-Faby-Reilly-Designs.png?fit=1200%2C675&ssl=1","width":1200,"height":675,"caption":"ViselineTuto Header - Faby Reilly Designs"},{"@type":"BreadcrumbList","@id":"https:\/\/fabyreilly.com\/fr\/2016\/11\/30\/comment-appliquer-de-la-viseline-sans-risquer-la-vie-de-son-fer\/#breadcrumb","itemListElement":[{"@type":"ListItem","position":1,"name":"Accueil","item":"https:\/\/fabyreilly.com\/fr\/"},{"@type":"ListItem","position":2,"name":"Comment appliquer de la viseline&#8230; sans risquer la vie de son fer!"}]},{"@type":"WebSite","@id":"https:\/\/fabyreilly.com\/fr\/#website","url":"https:\/\/fabyreilly.com\/fr\/","name":"Faby Reilly Designs","description":"Brodez avec style et \u00e9l\u00e9gance","publisher":{"@id":"https:\/\/fabyreilly.com\/fr\/#organization"},"alternateName":"FRD","potentialAction":[{"@type":"SearchAction","target":{"@type":"EntryPoint","urlTemplate":"https:\/\/fabyreilly.com\/fr\/?s={search_term_string}"},"query-input":{"@type":"PropertyValueSpecification","valueRequired":true,"valueName":"search_term_string"}}],"inLanguage":"fr-FR"},{"@type":"Organization","@id":"https:\/\/fabyreilly.com\/fr\/#organization","name":"Faby Reilly Designs","alternateName":"FRD","url":"https:\/\/fabyreilly.com\/fr\/","logo":{"@type":"ImageObject","inLanguage":"fr-FR","@id":"https:\/\/fabyreilly.com\/fr\/#\/schema\/logo\/image\/","url":"https:\/\/i0.wp.com\/fabyreilly.com\/wp-content\/uploads\/2026\/04\/FRD-Tag-Logo.png?fit=600%2C250&ssl=1","contentUrl":"https:\/\/i0.wp.com\/fabyreilly.com\/wp-content\/uploads\/2026\/04\/FRD-Tag-Logo.png?fit=600%2C250&ssl=1","width":600,"height":250,"caption":"Faby Reilly Designs"},"image":{"@id":"https:\/\/fabyreilly.com\/fr\/#\/schema\/logo\/image\/"},"sameAs":["https:\/\/www.facebook.com\/FabyReillyDesigns\/","https:\/\/x.com\/FabyReilly","https:\/\/www.instagram.com\/fabyreillydesigns\/","https:\/\/www.pinterest.fr\/fabyreilly\/"]},{"@type":"Person","@id":"https:\/\/fabyreilly.com\/fr\/#\/schema\/person\/ca0d9b895e77c66fa854e20f6b0f95d2","name":"Faby Reilly","image":{"@type":"ImageObject","inLanguage":"fr-FR","@id":"https:\/\/secure.gravatar.com\/avatar\/f5314217e161d7abf6d5b47fb382555b297a30523b6fd83f99f9255ee634c2cc?s=96&d=blank&r=g","url":"https:\/\/secure.gravatar.com\/avatar\/f5314217e161d7abf6d5b47fb382555b297a30523b6fd83f99f9255ee634c2cc?s=96&d=blank&r=g","contentUrl":"https:\/\/secure.gravatar.com\/avatar\/f5314217e161d7abf6d5b47fb382555b297a30523b6fd83f99f9255ee634c2cc?s=96&d=blank&r=g","caption":"Faby Reilly"},"description":"Needlework Designer (Faby Reilly Designs)","sameAs":["https:\/\/fabyreilly.com\/"]}]}},"jetpack_publicize_connections":[],"jetpack_featured_media_url":"https:\/\/i0.wp.com\/fabyreilly.com\/wp-content\/uploads\/2016\/11\/Interfacing-Tutorial-Header-Faby-Reilly-Designs.png?fit=1200%2C675&ssl=1","jetpack_likes_enabled":true,"jetpack_sharing_enabled":true,"jetpack_shortlink":"https:\/\/wp.me\/p5qeSl-FaQ","_links":{"self":[{"href":"https:\/\/fabyreilly.com\/fr\/wp-json\/wp\/v2\/posts\/158276","targetHints":{"allow":["GET"]}}],"collection":[{"href":"https:\/\/fabyreilly.com\/fr\/wp-json\/wp\/v2\/posts"}],"about":[{"href":"https:\/\/fabyreilly.com\/fr\/wp-json\/wp\/v2\/types\/post"}],"author":[{"embeddable":true,"href":"https:\/\/fabyreilly.com\/fr\/wp-json\/wp\/v2\/users\/76380979"}],"replies":[{"embeddable":true,"href":"https:\/\/fabyreilly.com\/fr\/wp-json\/wp\/v2\/comments?post=158276"}],"version-history":[{"count":5,"href":"https:\/\/fabyreilly.com\/fr\/wp-json\/wp\/v2\/posts\/158276\/revisions"}],"predecessor-version":[{"id":168867,"href":"https:\/\/fabyreilly.com\/fr\/wp-json\/wp\/v2\/posts\/158276\/revisions\/168867"}],"wp:featuredmedia":[{"embeddable":true,"href":"https:\/\/fabyreilly.com\/fr\/wp-json\/wp\/v2\/media\/156743"}],"wp:attachment":[{"href":"https:\/\/fabyreilly.com\/fr\/wp-json\/wp\/v2\/media?parent=158276"}],"wp:term":[{"taxonomy":"category","embeddable":true,"href":"https:\/\/fabyreilly.com\/fr\/wp-json\/wp\/v2\/categories?post=158276"},{"taxonomy":"post_tag","embeddable":true,"href":"https:\/\/fabyreilly.com\/fr\/wp-json\/wp\/v2\/tags?post=158276"}],"curies":[{"name":"wp","href":"https:\/\/api.w.org\/{rel}","templated":true}]}}